{"id":9890,"date":"2020-01-30T16:17:15","date_gmt":"2020-01-30T15:17:15","guid":{"rendered":"https:\/\/mireillecifali.ch\/wp\/?p=9890"},"modified":"2025-02-05T11:11:09","modified_gmt":"2025-02-05T10:11:09","slug":"entretien-sur-laccompagnement","status":"publish","type":"post","link":"https:\/\/mireillecifali.ch\/wp\/entretien-sur-laccompagnement\/","title":{"rendered":"Entretien sur l&rsquo;accompagnement"},"content":{"rendered":"<h1><img loading=\"lazy\" decoding=\"async\" class=\"alignleft size-medium wp-image-9895\" src=\"https:\/\/mireillecifali.ch\/wp\/wp-content\/uploads\/2020\/01\/N-24892-45544_visuel-212x300.jpg\" alt=\"\" width=\"212\" height=\"300\" srcset=\"https:\/\/mireillecifali.ch\/wp\/wp-content\/uploads\/2020\/01\/N-24892-45544_visuel-212x300.jpg 212w, https:\/\/mireillecifali.ch\/wp\/wp-content\/uploads\/2020\/01\/N-24892-45544_visuel.jpg 224w\" sizes=\"auto, (max-width: 212px) 100vw, 212px\" \/>Entretien avec R\u00e9gis Guyon \u00e0 propos de l&rsquo;accompagnement, in \u00ab\u00a0L&rsquo;accompagnement. Nouvel horizon pour la formation\u00a0\u00bb, <em>Diversit\u00e9<\/em>, n\u00b0197, janvier-avril 2020.<\/h1>\n<p style=\"text-align: justify;\">L\u2019id\u00e9e d&rsquo;accompagner, de l\u2019accompagnement, question \u00e9mergente depuis quelques ann\u00e9es, s\u2019impose comme une r\u00e9f\u00e9rence dans les nouvelles formes \u00e0 donner aux dispositifs de formation. Cette modalit\u00e9, et l&rsquo;ing\u00e9nierie qu\u2019elle n\u00e9cessite, se singularise par l\u2019attention particuli\u00e8re port\u00e9e aux acteurs qui ne sont plus positionn\u00e9s comme de simples r\u00e9ceptacles d\u2019un discours ex cathedra, mais des acteurs actifs dans le cadre d\u2019un dispositif d\u00e9termin\u00e9 avec eux et pour eux. Mais, comme pour tout objet \u00e9mergeant, on pourra d\u2019abord y voir de nouvelles perspectives en termes de formation, et toutes les raisons de pl\u00e9bisciter les dispositifs d\u2019accompagnement. Il faudra seulement en \u00e9valuer les limites tout autant que les d\u00e9rives possibles.<\/p>\n<p>&nbsp;<\/p>\n<p><strong>Et l&rsquo;entretien lui-m\u00eame<a href=\"https:\/\/mireillecifali.ch\/wp\/wp-content\/uploads\/2020\/01\/contenus-associes-entretien-avec-mireille-cifali-bega-N-24892-45551.pdf\" target=\"_blank\" rel=\"noopener noreferrer\"> ici<\/a><\/strong><\/p>\n","protected":false},"excerpt":{"rendered":"<p>Entretien avec R\u00e9gis Guyon \u00e0 propos de l&rsquo;accompagnement, in \u00ab\u00a0L&rsquo;accompagnement. Nouvel horizon pour la formation\u00a0\u00bb, Diversit\u00e9, n\u00b0197, janvier-avril 2020. L\u2019id\u00e9e d&rsquo;accompagner, de l\u2019accompagnement, question \u00e9mergente depuis quelques ann\u00e9es, s\u2019impose comme une r\u00e9f\u00e9rence dans les nouvelles formes \u00e0 donner aux dispositifs de formation. Cette modalit\u00e9, et l&rsquo;ing\u00e9nierie qu\u2019elle n\u00e9cessite, se singularise par l\u2019attention particuli\u00e8re port\u00e9e aux acteurs qui ne sont plus positionn\u00e9s comme de simples r\u00e9ceptacles d\u2019un discours ex cathedra, mais des acteurs actifs dans le cadre d\u2019un dispositif d\u00e9termin\u00e9 avec eux et pour eux. Mais, comme pour tout objet \u00e9mergeant, on pourra d\u2019abord y voir de nouvelles perspectives en termes de formation, et toutes les raisons de pl\u00e9bisciter les dispositifs d\u2019accompagnement. Il faudra seulement en \u00e9valuer les limites tout autant que les d\u00e9rives possibles. &nbsp; Et l&rsquo;entretien lui-m\u00eame ici<\/p>\n","protected":false},"author":3,"featured_media":0,"comment_status":"closed","ping_status":"closed","sticky":false,"template":"","format":"standard","meta":{"_sitemap_exclude":false,"_sitemap_priority":"","_sitemap_frequency":"","_exactmetrics_skip_tracking":false,"_exactmetrics_sitenote_active":false,"_exactmetrics_sitenote_note":"","_exactmetrics_sitenote_category":0,"_monsterinsights_skip_tracking":false,"_monsterinsights_sitenote_active":false,"_monsterinsights_sitenote_note":"","_monsterinsights_sitenote_category":0,"ngg_post_thumbnail":0,"footnotes":""},"categories":[255],"tags":[152,254,455,411],"class_list":["post-9890","post","type-post","status-publish","format-standard","hentry","category-publications-recentes","tag-accompagnement","tag-ethique","tag-presence","tag-relation"],"aioseo_notices":[],"_links":{"self":[{"href":"https:\/\/mireillecifali.ch\/wp\/wp-json\/wp\/v2\/posts\/9890","targetHints":{"allow":["GET"]}}],"collection":[{"href":"https:\/\/mireillecifali.ch\/wp\/wp-json\/wp\/v2\/posts"}],"about":[{"href":"https:\/\/mireillecifali.ch\/wp\/wp-json\/wp\/v2\/types\/post"}],"author":[{"embeddable":true,"href":"https:\/\/mireillecifali.ch\/wp\/wp-json\/wp\/v2\/users\/3"}],"replies":[{"embeddable":true,"href":"https:\/\/mireillecifali.ch\/wp\/wp-json\/wp\/v2\/comments?post=9890"}],"version-history":[{"count":6,"href":"https:\/\/mireillecifali.ch\/wp\/wp-json\/wp\/v2\/posts\/9890\/revisions"}],"predecessor-version":[{"id":13252,"href":"https:\/\/mireillecifali.ch\/wp\/wp-json\/wp\/v2\/posts\/9890\/revisions\/13252"}],"wp:attachment":[{"href":"https:\/\/mireillecifali.ch\/wp\/wp-json\/wp\/v2\/media?parent=9890"}],"wp:term":[{"taxonomy":"category","embeddable":true,"href":"https:\/\/mireillecifali.ch\/wp\/wp-json\/wp\/v2\/categories?post=9890"},{"taxonomy":"post_tag","embeddable":true,"href":"https:\/\/mireillecifali.ch\/wp\/wp-json\/wp\/v2\/tags?post=9890"}],"curies":[{"name":"wp","href":"https:\/\/api.w.org\/{rel}","templated":true}]}}