{"id":9554,"date":"2019-08-08T10:02:18","date_gmt":"2019-08-08T08:02:18","guid":{"rendered":"https:\/\/mireillecifali.ch\/wp\/?p=9554"},"modified":"2019-08-08T10:03:57","modified_gmt":"2019-08-08T08:03:57","slug":"et-si-on-changeait-de-regard-sur-lalzheimer","status":"publish","type":"post","link":"https:\/\/mireillecifali.ch\/wp\/et-si-on-changeait-de-regard-sur-lalzheimer\/","title":{"rendered":"Et si on changeait de regard sur l&rsquo;Alzheimer ?"},"content":{"rendered":"<h3>Ecriture complice r\u00e9cente<\/h3>\n<p><span style=\"font-size: 18pt;\"><strong><img loading=\"lazy\" decoding=\"async\" class=\"alignleft size-full wp-image-9561\" src=\"https:\/\/mireillecifali.ch\/wp\/wp-content\/uploads\/2019\/07\/Jovenet3.jpg\" alt=\"\" width=\"139\" height=\"195\">Anne-Marie Jovenet, avec la participation de Mich\u00e8le Grzegorski et de Pierre H\u00e9drich, <em>Si on changeait de regard sur l\u2019Alzheimer\u2026&nbsp;<\/em><\/strong><strong><em>Aurait-on moins peur<\/em>&nbsp;?,&nbsp;<\/strong><strong>Imprimeur&nbsp;: Daubour \u00e0 Solesmes (Nord)<\/strong><\/span><\/p>\n<p>Alzheimer fait peur\u2026 Comment traitons-nous nos peurs&nbsp;? En faisant de l\u2019humour, en donnant de \u00ab&nbsp;bons conseils&nbsp;\u00bb aux autres pour nous rassurer nous-m\u00eame. Mais la peur ne dispara\u00eet pas. Elle est enfouie et resurgit \u00e0 l\u2019improviste.<\/p>\n<p>D\u2019o\u00f9 vient Alzheimer ? L\u2019analyse montre que dans des milieux sociaux et professionnels diff\u00e9rents, une constante existe&nbsp;: des \u00e9v\u00e9nements douloureux \u00e0 vivre sans jamais en parler&nbsp;: \u00ab&nbsp;faire face&nbsp;\u00bb en \u00ab&nbsp;faisant le silence sur soi&nbsp;!&nbsp;\u00bb<\/p>\n<p>Un jour un diagnostic est pos\u00e9&nbsp;:<\/p>\n<ul>\n<li>Et le regard se fait inquiet&nbsp;: fais attention&nbsp;!<\/li>\n<li>Et le commentaire tombe&nbsp;: il a oubli\u00e9.<\/li>\n<li>Et l\u2019impossible connexion s\u2019installe.<\/li>\n<li>Et la culpabilit\u00e9 envahit&nbsp;: si je n\u2019avais pas\u2026<\/li>\n<\/ul>\n<p><!--more--><\/p>\n<p><strong>Et si on regardait Alzheimer<br \/>\ncomme un dysfonctionnement du psychisme,<\/strong><\/p>\n<p>on aurait des moyens d\u2019agir&nbsp;: cela s\u2019appelle la pr\u00e9vention.<\/p>\n<p>Ce livre affirme que la pr\u00e9vention est possible<\/p>\n<ul>\n<li>en combattant dans notre environnement ce \u00ab&nbsp;silence sur soi&nbsp;\u00bb,<\/li>\n<li>en mettant des mots sur le traumatisme que repr\u00e9sente le premier diagnostic,<\/li>\n<li>en d\u00e9cryptant ce que disent les comportements et les mots aberrants,<\/li>\n<li>en faisant resurgir l\u2019histoire d\u2019une vie.<\/li>\n<\/ul>\n<p>&nbsp;<\/p>\n<p><strong>Alors, \u00e9crivons cette histoire, qui nous reliera \u00e0 nous-m\u00eame et aux autres. <\/strong><\/p>\n<p><strong>Et le regard sortant de la peur\u2026 changera\u2026<\/strong><\/p>\n<p><strong>&nbsp;<\/strong>Ce livre s\u2019adresse aux scientifiques, aux m\u00e9decins, aux professionnels du soin et de l\u2019accompagnement, aux familles et amis, aux \u00ab&nbsp;malades&nbsp;\u00bb eux-m\u00eames.<\/p>\n<p><span style=\"font-size: 10pt;\"><strong>Si on changeait de regard sur l\u2019Alzheimer\u2026 aurait-on moins peur&nbsp;?<br \/>\n<\/strong><\/span><span style=\"font-size: 10pt;\"><strong>A-M Jovenet (contact 06 11 28 24 71) &#8211; Impression Daubour, Solesmes, 201<br \/>\n<\/strong><\/span><span style=\"font-size: 10pt;\"><strong>A Amiens en vente exclusive \u00e0 la librairie Martelle (11 euros)<\/strong><\/span><\/p>\n","protected":false},"excerpt":{"rendered":"<p>Ecriture complice r\u00e9cente Anne-Marie Jovenet, avec la participation de Mich\u00e8le Grzegorski et de Pierre H\u00e9drich, Si on changeait de regard sur l\u2019Alzheimer\u2026&nbsp;Aurait-on moins peur&nbsp;?,&nbsp;Imprimeur&nbsp;: Daubour \u00e0 Solesmes (Nord) Alzheimer fait peur\u2026 Comment traitons-nous nos peurs&nbsp;? En faisant de l\u2019humour, en donnant de \u00ab&nbsp;bons conseils&nbsp;\u00bb aux autres pour nous rassurer nous-m\u00eame. Mais la peur ne dispara\u00eet pas. Elle est enfouie et resurgit \u00e0 l\u2019improviste. D\u2019o\u00f9 vient Alzheimer ? L\u2019analyse montre que dans des milieux sociaux et professionnels diff\u00e9rents, une constante existe&nbsp;: des \u00e9v\u00e9nements douloureux \u00e0 vivre sans jamais en parler&nbsp;: \u00ab&nbsp;faire face&nbsp;\u00bb en \u00ab&nbsp;faisant le silence sur soi&nbsp;!&nbsp;\u00bb Un jour un diagnostic est pos\u00e9&nbsp;: Et le regard se fait inquiet&nbsp;: fais attention&nbsp;! Et le commentaire tombe&nbsp;: il a oubli\u00e9. Et l\u2019impossible connexion s\u2019installe. Et la culpabilit\u00e9 envahit&nbsp;: si je n\u2019avais pas\u2026<\/p>\n","protected":false},"author":3,"featured_media":0,"comment_status":"closed","ping_status":"closed","sticky":false,"template":"","format":"standard","meta":{"_sitemap_exclude":false,"_sitemap_priority":"","_sitemap_frequency":"","_exactmetrics_skip_tracking":false,"_exactmetrics_sitenote_active":false,"_exactmetrics_sitenote_note":"","_exactmetrics_sitenote_category":0,"_monsterinsights_skip_tracking":false,"_monsterinsights_sitenote_active":false,"_monsterinsights_sitenote_note":"","_monsterinsights_sitenote_category":0,"ngg_post_thumbnail":0,"footnotes":""},"categories":[146],"tags":[726,728,730,729,619,727],"class_list":["post-9554","post","type-post","status-publish","format-standard","hentry","category-ecritures-complices-recentes","tag-alzheimer","tag-changement","tag-histoire-de-vie","tag-interiorite","tag-peurs","tag-preventions"],"aioseo_notices":[],"_links":{"self":[{"href":"https:\/\/mireillecifali.ch\/wp\/wp-json\/wp\/v2\/posts\/9554","targetHints":{"allow":["GET"]}}],"collection":[{"href":"https:\/\/mireillecifali.ch\/wp\/wp-json\/wp\/v2\/posts"}],"about":[{"href":"https:\/\/mireillecifali.ch\/wp\/wp-json\/wp\/v2\/types\/post"}],"author":[{"embeddable":true,"href":"https:\/\/mireillecifali.ch\/wp\/wp-json\/wp\/v2\/users\/3"}],"replies":[{"embeddable":true,"href":"https:\/\/mireillecifali.ch\/wp\/wp-json\/wp\/v2\/comments?post=9554"}],"version-history":[{"count":4,"href":"https:\/\/mireillecifali.ch\/wp\/wp-json\/wp\/v2\/posts\/9554\/revisions"}],"predecessor-version":[{"id":9562,"href":"https:\/\/mireillecifali.ch\/wp\/wp-json\/wp\/v2\/posts\/9554\/revisions\/9562"}],"wp:attachment":[{"href":"https:\/\/mireillecifali.ch\/wp\/wp-json\/wp\/v2\/media?parent=9554"}],"wp:term":[{"taxonomy":"category","embeddable":true,"href":"https:\/\/mireillecifali.ch\/wp\/wp-json\/wp\/v2\/categories?post=9554"},{"taxonomy":"post_tag","embeddable":true,"href":"https:\/\/mireillecifali.ch\/wp\/wp-json\/wp\/v2\/tags?post=9554"}],"curies":[{"name":"wp","href":"https:\/\/api.w.org\/{rel}","templated":true}]}}