{"id":9510,"date":"2019-08-05T08:48:47","date_gmt":"2019-08-05T06:48:47","guid":{"rendered":"https:\/\/mireillecifali.ch\/wp\/?p=9510"},"modified":"2019-08-05T08:51:22","modified_gmt":"2019-08-05T06:51:22","slug":"eduquer-entre-engagement-et-lucidite","status":"publish","type":"post","link":"https:\/\/mireillecifali.ch\/wp\/eduquer-entre-engagement-et-lucidite\/","title":{"rendered":"Eduquer entre engagement et lucidit\u00e9"},"content":{"rendered":"<h3>Ecriture complice r\u00e9cente<\/h3>\n<p style=\"text-align: justify;\"><strong><span style=\"font-size: 18pt;\">Olivier Maulini, <a href=\"https:\/\/esf-scienceshumaines.fr\/pedagogie\/332-eduquer-entre-engagement-et-lucidite.html\" target=\"_blank\" rel=\"noopener\"><em>Eduquer entre engagement et lucidit\u00e9,&nbsp;<\/em>ESF,<\/a> 2019.<\/span><\/strong><strong><span style=\"font-size: 18pt;\"><img loading=\"lazy\" decoding=\"async\" class=\"alignleft wp-image-9520\" src=\"https:\/\/mireillecifali.ch\/wp\/wp-content\/uploads\/2019\/07\/eduquer-entre-engagement-et-lucidite.jpg\" alt=\"\" width=\"107\" height=\"161\" srcset=\"https:\/\/mireillecifali.ch\/wp\/wp-content\/uploads\/2019\/07\/eduquer-entre-engagement-et-lucidite.jpg 400w, https:\/\/mireillecifali.ch\/wp\/wp-content\/uploads\/2019\/07\/eduquer-entre-engagement-et-lucidite-200x300.jpg 200w\" sizes=\"auto, (max-width: 107px) 100vw, 107px\" \/><\/span><\/strong><\/p>\n<p style=\"text-align: justify;\">Les enseignants sont fragilis\u00e9s. Face \u00e0 l\u2019ampleur des mutations sociales et des d\u00e9fis \u00e0 surmonter, ils se voient souvent comme de simples ex\u00e9cutants \u00e0 qui l\u2019on demanderait de vider l\u2019oc\u00e9an avec une petite cuill\u00e8re. La lucidit\u00e9, alors, pourrait les amener au bord du d\u00e9couragement, quand ce n\u2019est pas de la d\u00e9pression. L\u2019ouvrage d\u2019Olivier Maulini veut montrer que, pr\u00e9cis\u00e9ment, on peut, tout \u00e0 la fois, \u00eatre lucide pour ne pas s\u2019en laisser conter&#8230; et \u00eatre quand m\u00eame engag\u00e9 dans un m\u00e9tier o\u00f9 rien de ce qui se fait et se dit au quotidien n\u2019est insignifiant ; o\u00f9 l\u2019\u00e9mancipation peut advenir et contribuer \u00e0 changer le monde. Avec beaucoup de finesse et en s\u2019attachant aux questions vives du m\u00e9tier, en s\u2019appuyant sur de nombreuses situations v\u00e9cues, ce livre est bien plus qu\u2019un manuel de survie : c\u2019est un v\u00e9ritable bol d\u2019oxyg\u00e8ne pour que les enseignants, en rejetant aussi bien la na\u00efvet\u00e9 que le fatalisme, se vivent comme des acteurs sociaux construisant l\u2019avenir du commun.<\/p>\n<p style=\"text-align: justify;\">O<span style=\"font-size: 10pt;\">livier Maulini est professeur associ\u00e9 \u00e0 l\u2019universit\u00e9 de Gen\u00e8ve dans le domaine de l\u2019analyse du m\u00e9tier d\u2019enseignant. Il est responsable du Laboratoire de recherche Innovation-Formation-Education (LIFE) et intervient dans la formation des professionnels de l\u2019\u00e9ducation. Ses recherches portent sur les pratiques p\u00e9dagogiques et les institutions scolaires, le travail, le m\u00e9tier et la formation des enseignants, les rapports entre savoirs, \u00e9cole et soci\u00e9t\u00e9.<\/span><\/p>\n<p><!--more--><\/p>\n<p><strong>Sommaire<\/strong><\/p>\n<p>Prologue : \u00ab Refuser subtilement&#8230; \u00bb<\/p>\n<p>Introduction : La lucidit\u00e9 : id\u00e9ale pour s\u2019engager ?<\/p>\n<ol>\n<li>Un m\u00e9tier sur le balan<\/li>\n<li>Le travail pour ce qu\u2019il est<\/li>\n<li>L\u2019\u00e9cole telle qu\u2019elle est<\/li>\n<li>Des savoirs probl\u00e9matis\u00e9s<\/li>\n<li>L\u2019autonomie contre l\u2019autorit\u00e9 ?<\/li>\n<li>M\u00e9thodes controvers\u00e9es, pratiques m\u00e9tiss\u00e9es<\/li>\n<li>Une \u00e9valuation, deux fonctions<\/li>\n<li>Sous l\u2019orientation, la s\u00e9lection<\/li>\n<li>Une gouvernance t\u00e2tonnante<\/li>\n<li>Pers\u00e9v\u00e9rer : rien de renversant<\/li>\n<\/ol>\n<p>Ouverture : \u00ab Je suis trop ignorant pour oser d\u00e9sesp\u00e9rer\u2026 \u00bb<\/p>\n<p><a href=\"https:\/\/esf-scienceshumaines.fr\/pedagogie\/332-eduquer-entre-engagement-et-lucidite.html\" target=\"_blank\" rel=\"noopener\"><strong>C<\/strong><strong>ommande<\/strong><\/a><\/p>\n<p>Voir aussi page&nbsp;\u00ab\u00a0<a href=\"https:\/\/mireillecifali.ch\/wp\/publications\/productions-complices\/\" target=\"_blank\" rel=\"noopener\">Productions complices<\/a>\u00ab\u00a0<\/p>\n","protected":false},"excerpt":{"rendered":"<p>Ecriture complice r\u00e9cente Olivier Maulini, Eduquer entre engagement et lucidit\u00e9,&nbsp;ESF, 2019. Les enseignants sont fragilis\u00e9s. Face \u00e0 l\u2019ampleur des mutations sociales et des d\u00e9fis \u00e0 surmonter, ils se voient souvent comme de simples ex\u00e9cutants \u00e0 qui l\u2019on demanderait de vider l\u2019oc\u00e9an avec une petite cuill\u00e8re. La lucidit\u00e9, alors, pourrait les amener au bord du d\u00e9couragement, quand ce n\u2019est pas de la d\u00e9pression. L\u2019ouvrage d\u2019Olivier Maulini veut montrer que, pr\u00e9cis\u00e9ment, on peut, tout \u00e0 la fois, \u00eatre lucide pour ne pas s\u2019en laisser conter&#8230; et \u00eatre quand m\u00eame engag\u00e9 dans un m\u00e9tier o\u00f9 rien de ce qui se fait et se dit au quotidien n\u2019est insignifiant ; o\u00f9 l\u2019\u00e9mancipation peut advenir et contribuer \u00e0 changer le monde. Avec beaucoup de finesse et en s\u2019attachant aux questions vives du m\u00e9tier, en s\u2019appuyant sur de nombreuses situations v\u00e9cues, ce livre est bien plus qu\u2019un manuel de survie : c\u2019est un v\u00e9ritable bol d\u2019oxyg\u00e8ne pour que les enseignants, en rejetant aussi bien la na\u00efvet\u00e9 que le fatalisme, se vivent comme des acteurs sociaux construisant l\u2019avenir du commun. Olivier Maulini est professeur associ\u00e9 \u00e0 l\u2019universit\u00e9 de Gen\u00e8ve dans le domaine de l\u2019analyse du m\u00e9tier d\u2019enseignant. Il est responsable du Laboratoire de recherche Innovation-Formation-Education (LIFE) et intervient dans la formation des professionnels de l\u2019\u00e9ducation. Ses recherches portent sur les pratiques p\u00e9dagogiques et les institutions scolaires, le travail, le m\u00e9tier et la formation des enseignants, les rapports entre savoirs, \u00e9cole et soci\u00e9t\u00e9.<\/p>\n","protected":false},"author":3,"featured_media":0,"comment_status":"closed","ping_status":"closed","sticky":false,"template":"","format":"standard","meta":{"_sitemap_exclude":false,"_sitemap_priority":"","_sitemap_frequency":"","_exactmetrics_skip_tracking":false,"_exactmetrics_sitenote_active":false,"_exactmetrics_sitenote_note":"","_exactmetrics_sitenote_category":0,"_monsterinsights_skip_tracking":false,"_monsterinsights_sitenote_active":false,"_monsterinsights_sitenote_note":"","_monsterinsights_sitenote_category":0,"ngg_post_thumbnail":0,"footnotes":""},"categories":[146],"tags":[725,300,556,315,723,721,724,722],"class_list":["post-9510","post","type-post","status-publish","format-standard","hentry","category-ecritures-complices-recentes","tag-autonomie","tag-ecole","tag-eduquer","tag-engagement","tag-gouvernance","tag-lucidite","tag-savoirs","tag-selection"],"aioseo_notices":[],"_links":{"self":[{"href":"https:\/\/mireillecifali.ch\/wp\/wp-json\/wp\/v2\/posts\/9510","targetHints":{"allow":["GET"]}}],"collection":[{"href":"https:\/\/mireillecifali.ch\/wp\/wp-json\/wp\/v2\/posts"}],"about":[{"href":"https:\/\/mireillecifali.ch\/wp\/wp-json\/wp\/v2\/types\/post"}],"author":[{"embeddable":true,"href":"https:\/\/mireillecifali.ch\/wp\/wp-json\/wp\/v2\/users\/3"}],"replies":[{"embeddable":true,"href":"https:\/\/mireillecifali.ch\/wp\/wp-json\/wp\/v2\/comments?post=9510"}],"version-history":[{"count":13,"href":"https:\/\/mireillecifali.ch\/wp\/wp-json\/wp\/v2\/posts\/9510\/revisions"}],"predecessor-version":[{"id":9638,"href":"https:\/\/mireillecifali.ch\/wp\/wp-json\/wp\/v2\/posts\/9510\/revisions\/9638"}],"wp:attachment":[{"href":"https:\/\/mireillecifali.ch\/wp\/wp-json\/wp\/v2\/media?parent=9510"}],"wp:term":[{"taxonomy":"category","embeddable":true,"href":"https:\/\/mireillecifali.ch\/wp\/wp-json\/wp\/v2\/categories?post=9510"},{"taxonomy":"post_tag","embeddable":true,"href":"https:\/\/mireillecifali.ch\/wp\/wp-json\/wp\/v2\/tags?post=9510"}],"curies":[{"name":"wp","href":"https:\/\/api.w.org\/{rel}","templated":true}]}}