{"id":8106,"date":"2017-11-12T21:12:55","date_gmt":"2017-11-12T20:12:55","guid":{"rendered":"https:\/\/mireillecifali.ch\/wp\/?p=8106"},"modified":"2025-01-29T19:49:10","modified_gmt":"2025-01-29T18:49:10","slug":"action-poetique-dans-le-monde-de-la-science-et-de-la-formation","status":"publish","type":"post","link":"https:\/\/mireillecifali.ch\/wp\/action-poetique-dans-le-monde-de-la-science-et-de-la-formation\/","title":{"rendered":"Action po\u00e9tique dans le monde de la science et de la formation"},"content":{"rendered":"<p><strong>Publication r\u00e9cente&nbsp;<\/strong><\/p>\n<p>&nbsp;<\/p>\n<h1>Action po\u00e9tique dans le monde de la science et de la formation,<\/h1>\n<p>in&nbsp;Gilles Amado, Jean-Philippe Bouilloud, Dominique Lhuillier, Anne-lise Ulmann, <a href=\"https:\/\/www.editions-eres.com\/ouvrage\/4124\/la-creativite-au-travail\" target=\"_blank\" rel=\"noopener\"><em>La cr\u00e9ativit\u00e9 au travail<\/em><\/a>, Paris, Er\u00e8s, 2017, p. 109-126.<\/p>\n","protected":false},"excerpt":{"rendered":"<p>Publication r\u00e9cente&nbsp; &nbsp; Action po\u00e9tique dans le monde de la science et de la formation, in&nbsp;Gilles Amado, Jean-Philippe Bouilloud, Dominique Lhuillier, Anne-lise Ulmann, La cr\u00e9ativit\u00e9 au travail, Paris, Er\u00e8s, 2017, p. 109-126.<\/p>\n","protected":false},"author":3,"featured_media":0,"comment_status":"closed","ping_status":"closed","sticky":false,"template":"","format":"standard","meta":{"_sitemap_exclude":false,"_sitemap_priority":"","_sitemap_frequency":"","_exactmetrics_skip_tracking":false,"_exactmetrics_sitenote_active":false,"_exactmetrics_sitenote_note":"","_exactmetrics_sitenote_category":0,"_monsterinsights_skip_tracking":false,"_monsterinsights_sitenote_active":false,"_monsterinsights_sitenote_note":"","_monsterinsights_sitenote_category":0,"ngg_post_thumbnail":0,"footnotes":""},"categories":[255],"tags":[579,543,323,658,588,659,660,392,566],"class_list":["post-8106","post","type-post","status-publish","format-standard","hentry","category-publications-recentes","tag-art","tag-creation","tag-formation","tag-poetique","tag-resistance","tag-rythme","tag-science","tag-subjectivite","tag-travail"],"aioseo_notices":[],"_links":{"self":[{"href":"https:\/\/mireillecifali.ch\/wp\/wp-json\/wp\/v2\/posts\/8106","targetHints":{"allow":["GET"]}}],"collection":[{"href":"https:\/\/mireillecifali.ch\/wp\/wp-json\/wp\/v2\/posts"}],"about":[{"href":"https:\/\/mireillecifali.ch\/wp\/wp-json\/wp\/v2\/types\/post"}],"author":[{"embeddable":true,"href":"https:\/\/mireillecifali.ch\/wp\/wp-json\/wp\/v2\/users\/3"}],"replies":[{"embeddable":true,"href":"https:\/\/mireillecifali.ch\/wp\/wp-json\/wp\/v2\/comments?post=8106"}],"version-history":[{"count":5,"href":"https:\/\/mireillecifali.ch\/wp\/wp-json\/wp\/v2\/posts\/8106\/revisions"}],"predecessor-version":[{"id":13170,"href":"https:\/\/mireillecifali.ch\/wp\/wp-json\/wp\/v2\/posts\/8106\/revisions\/13170"}],"wp:attachment":[{"href":"https:\/\/mireillecifali.ch\/wp\/wp-json\/wp\/v2\/media?parent=8106"}],"wp:term":[{"taxonomy":"category","embeddable":true,"href":"https:\/\/mireillecifali.ch\/wp\/wp-json\/wp\/v2\/categories?post=8106"},{"taxonomy":"post_tag","embeddable":true,"href":"https:\/\/mireillecifali.ch\/wp\/wp-json\/wp\/v2\/tags?post=8106"}],"curies":[{"name":"wp","href":"https:\/\/api.w.org\/{rel}","templated":true}]}}