{"id":11008,"date":"2022-03-11T17:23:52","date_gmt":"2022-03-11T16:23:52","guid":{"rendered":"https:\/\/mireillecifali.ch\/wp\/?p=11008"},"modified":"2022-03-11T19:35:36","modified_gmt":"2022-03-11T18:35:36","slug":"avons-nous-vraiment-besoin-de-ce-mot","status":"publish","type":"post","link":"https:\/\/mireillecifali.ch\/wp\/avons-nous-vraiment-besoin-de-ce-mot\/","title":{"rendered":"Avons-nous vraiment besoin de ce mot ?"},"content":{"rendered":"<h1>Mireille Cifali, Avons-nous vraiment besoin de ce mot ?, <a href=\"https:\/\/www.cahiers-pedagogiques.com\/n-575-le-bienetre-a-lecole\/\" target=\"_blank\" rel=\"noopener\"><em>Cahiers p\u00e9dagogiques<\/em><\/a>, <em>Le bien\u00eatre \u00e0 l&rsquo;\u00e9cole<\/em>, n\u00b0575, mars 2022.<\/h1>\n<p>Entretien avec Andreea Capitanescu Benetti&nbsp;<\/p>\n","protected":false},"excerpt":{"rendered":"<p>Mireille Cifali, Avons-nous vraiment besoin de ce mot ?, Cahiers p\u00e9dagogiques, Le bien\u00eatre \u00e0 l&rsquo;\u00e9cole, n\u00b0575, mars 2022. Entretien avec Andreea Capitanescu Benetti&nbsp;<\/p>\n","protected":false},"author":3,"featured_media":0,"comment_status":"closed","ping_status":"closed","sticky":false,"template":"","format":"standard","meta":{"_sitemap_exclude":false,"_sitemap_priority":"","_sitemap_frequency":"","_exactmetrics_skip_tracking":false,"_exactmetrics_sitenote_active":false,"_exactmetrics_sitenote_note":"","_exactmetrics_sitenote_category":0,"_monsterinsights_skip_tracking":false,"_monsterinsights_sitenote_active":false,"_monsterinsights_sitenote_note":"","_monsterinsights_sitenote_category":0,"ngg_post_thumbnail":0,"footnotes":""},"categories":[255],"tags":[152,826,472,827],"class_list":["post-11008","post","type-post","status-publish","format-standard","hentry","category-publications-recentes","tag-accompagnement","tag-accueil","tag-dimension-relationnelle","tag-paroles-adressees"],"aioseo_notices":[],"_links":{"self":[{"href":"https:\/\/mireillecifali.ch\/wp\/wp-json\/wp\/v2\/posts\/11008","targetHints":{"allow":["GET"]}}],"collection":[{"href":"https:\/\/mireillecifali.ch\/wp\/wp-json\/wp\/v2\/posts"}],"about":[{"href":"https:\/\/mireillecifali.ch\/wp\/wp-json\/wp\/v2\/types\/post"}],"author":[{"embeddable":true,"href":"https:\/\/mireillecifali.ch\/wp\/wp-json\/wp\/v2\/users\/3"}],"replies":[{"embeddable":true,"href":"https:\/\/mireillecifali.ch\/wp\/wp-json\/wp\/v2\/comments?post=11008"}],"version-history":[{"count":4,"href":"https:\/\/mireillecifali.ch\/wp\/wp-json\/wp\/v2\/posts\/11008\/revisions"}],"predecessor-version":[{"id":11021,"href":"https:\/\/mireillecifali.ch\/wp\/wp-json\/wp\/v2\/posts\/11008\/revisions\/11021"}],"wp:attachment":[{"href":"https:\/\/mireillecifali.ch\/wp\/wp-json\/wp\/v2\/media?parent=11008"}],"wp:term":[{"taxonomy":"category","embeddable":true,"href":"https:\/\/mireillecifali.ch\/wp\/wp-json\/wp\/v2\/categories?post=11008"},{"taxonomy":"post_tag","embeddable":true,"href":"https:\/\/mireillecifali.ch\/wp\/wp-json\/wp\/v2\/tags?post=11008"}],"curies":[{"name":"wp","href":"https:\/\/api.w.org\/{rel}","templated":true}]}}